{"id":88,"date":"2025-11-26T13:10:36","date_gmt":"2025-11-26T16:10:36","guid":{"rendered":"https:\/\/kcsjornalismo.com.br\/?p=88"},"modified":"2025-12-16T13:12:18","modified_gmt":"2025-12-16T16:12:18","slug":"advogado-que-atua-contra-plano-de-saude","status":"publish","type":"post","link":"https:\/\/kcsjornalismo.com.br\/index.php\/2025\/11\/26\/advogado-que-atua-contra-plano-de-saude\/","title":{"rendered":"Advogado Que Atua Contra Plano De Sa\u00fade"},"content":{"rendered":"<p>O\u00a0<a href=\"https:\/\/ferreiracruzadvogados.com.br\/\">advogado contra plano de sa\u00fade<\/a>\u00a0atua de forma estrat\u00e9gica na defesa do consumidor que enfrenta negativas indevidas de cobertura, atrasos em autoriza\u00e7\u00f5es ou descumprimento contratual. Esse profissional analisa o contrato, avalia laudos m\u00e9dicos e identifica abusividades praticadas pelas operadoras. Com base na legisla\u00e7\u00e3o e em decis\u00f5es judiciais recentes, \u00e9 poss\u00edvel buscar liminares r\u00e1pidas para garantir tratamentos, cirurgias ou medicamentos. A atua\u00e7\u00e3o especializada aumenta significativamente as chances de sucesso e prote\u00e7\u00e3o do direito \u00e0 sa\u00fade.<\/p>\n<h2>Introdu\u00e7\u00e3o<\/h2>\n<p>Nos dias atuais, a sa\u00fade \u00e9 considerada um dos principais bens da vida, e contar com um plano de sa\u00fade oferece uma seguran\u00e7a adicional para os cidad\u00e3os. Entretanto, muitas pessoas enfrentam dificuldades ao tentar utilizar os servi\u00e7os contratados, seja por negativas de cobertura, recusa de tratamentos ou cobran\u00e7as indevidas. Nessas situa\u00e7\u00f5es, a figura do advogado que atua contra plano de sa\u00fade muitas vezes se torna fundamental para garantir os direitos dos consumidores. Este profissional possui o conhecimento t\u00e9cnico necess\u00e1rio para navegar na complexidade do sistema jur\u00eddico, auxiliando os pacientes a obterem as solu\u00e7\u00f5es cab\u00edveis quando seus direitos s\u00e3o violados.<\/p>\n<h2>Por que contratar um advogado que atua contra plano de sa\u00fade?<\/h2>\n<p>Quando uma pessoa enfrenta problemas com o seu plano de sa\u00fade, recorrer a um advogado especializado nesse tipo de atua\u00e7\u00e3o \u00e9 uma estrat\u00e9gia inteligente. Esses profissionais entendem as especificidades das leis que regulam os planos de sa\u00fade, incluindo a Lei n\u00ba 9.656\/98, que regula o setor, e o C\u00f3digo de Defesa do Consumidor, que oferece prote\u00e7\u00e3o ao cliente. A presen\u00e7a de um advogado que atua contra plano de sa\u00fade garante uma an\u00e1lise detalhada do caso e o preparo necess\u00e1rio para enfrentar recursos administrativos e judiciais, al\u00e9m de promover a negocia\u00e7\u00e3o de acordos que possam evitar longas batalhas judiciais.<\/p>\n<h2>Principais atua\u00e7\u00f5es do advogado contra plano de sa\u00fade<\/h2>\n<p>O advogado que atua contra plano de sa\u00fade pode desempenhar diversas fun\u00e7\u00f5es, algumas das mais comuns incluem:<\/p>\n<ul>\n<li>Representar clientes em processos judiciais contra operadoras de planos de sa\u00fade;<\/li>\n<li>Entrar com a\u00e7\u00f5es de obriga\u00e7\u00e3o de fazer, solicitando cobertura de tratamentos, exames ou procedimentos negados;<\/li>\n<li>Defender direitos em casos de negativa de cobertura em situa\u00e7\u00f5es de emerg\u00eancia ou doen\u00e7as graves;<\/li>\n<li>Assessoria jur\u00eddica para an\u00e1lise de contratos, identificando cl\u00e1usulas abusivas ou ilegais;<\/li>\n<li>Orienta\u00e7\u00e3o sobre atualiza\u00e7\u00e3o de coberturas obrigat\u00f3rias, conforme altera\u00e7\u00f5es na legisla\u00e7\u00e3o e normas da Ag\u00eancia Nacional de Sa\u00fade Suplementar (ANS);<\/li>\n<li>Negocia\u00e7\u00e3o de valores de indeniza\u00e7\u00f5es por danos morais ou materiais decorrentes de negativas indevidas;<\/li>\n<\/ul>\n<p>Essas a\u00e7\u00f5es visam assegurar que o cliente receba o que foi contratado e garantir que a operadora cumpra seus deveres de forma transparente e eficiente.<\/p>\n<h2>Casos que podem demandar um advogado que atua contra plano de sa\u00fade<\/h2>\n<p>Existem diversas situa\u00e7\u00f5es em que a interven\u00e7\u00e3o de um advogado se torna imprescind\u00edvel para a defesa dos direitos do consumidor perante uma operadora de sa\u00fade. Alguns exemplos comuns incluem:<\/p>\n<p>Negativa de cobertura para tratamentos essenciais ou cirurgias de emerg\u00eancia;<\/p>\n<p>Recusa de pagamento de exames, radiografias, ou medicamentos prescritos por m\u00e9dicos;<\/p>\n<p>Negativa de continuidade de tratamento, especialmente em casos de doen\u00e7as cr\u00f4nicas ou c\u00e2ncer;<\/p>\n<p>Estabelecimento de cl\u00e1usulas abusivas no contrato, como reajustes exorbitantes ou exclus\u00f5es indevidas de cobertura;<\/p>\n<p>Cobran\u00e7as indevidas ou faturas contestadas pelo consumidor;<\/p>\n<p>Recusa ou neglig\u00eancia na autoriza\u00e7\u00e3o de tratamentos complementares ou terapias que possam ser essenciais para o paciente.<\/p>\n<p>Em todos esses casos, a atua\u00e7\u00e3o de um advogado especializado \u00e9 vital para buscar uma solu\u00e7\u00e3o justa e eficaz, seja por meio de negocia\u00e7\u00f5es ou a\u00e7\u00f5es judiciais.<\/p>\n<p>Quando a negativa ocorre em determinada regi\u00e3o, contar com um\u00a0<a href=\"https:\/\/ferreiracruzadvogados.com.br\/cidade-belem-pa\">escrit\u00f3rio de advocacia especializado em negativa de plano de sa\u00fade em Bel\u00e9m<\/a>\u00a0faz toda a diferen\u00e7a. Profissionais com experi\u00eancia local conhecem o entendimento dos tribunais e sabem como agilizar os processos. Al\u00e9m disso, oferecem atendimento humanizado, orientando o cliente em cada etapa da a\u00e7\u00e3o. Esse suporte jur\u00eddico \u00e9 essencial para reduzir o impacto emocional e financeiro causado pela recusa do plano de sa\u00fade.<\/p>\n<h2>Import\u00e2ncia do conhecimento t\u00e9cnico jur\u00eddico<\/h2>\n<p>O advogado que atua contra plano de sa\u00fade precisa possuir um profundo conhecimento do setor de sa\u00fade suplementar e das legisla\u00e7\u00f5es espec\u00edficas. Al\u00e9m do entendimento da legisla\u00e7\u00e3o brasileira, \u00e9 fundamental conhecer as normativas da Ag\u00eancia Nacional de Sa\u00fade Suplementar (ANS), que regula o funcionamento das operadoras de planos de sa\u00fade. O dom\u00ednio t\u00e9cnico permite uma avalia\u00e7\u00e3o detalhada dos contratos, identifica\u00e7\u00e3o de cl\u00e1usulas abusivas e elabora\u00e7\u00e3o de estrat\u00e9gias jur\u00eddicas eficientes para defender os interesses do cliente.<\/p>\n<p>Outro aspecto importante \u00e9 a habilidade de interpretar atos administrativos, gerar provas documentais e conduzir audi\u00eancias com seguran\u00e7a, sempre com foco na melhor solu\u00e7\u00e3o para o cliente. Uma atua\u00e7\u00e3o eficaz demanda tamb\u00e9m habilidade de negocia\u00e7\u00e3o, j\u00e1 que muitas pend\u00eancias podem ser resolvidas de forma extrajudicial com uma boa media\u00e7\u00e3o.<\/p>\n<h2>Conclus\u00e3o<\/h2>\n<p>Contar com um advogado que atua contra plano de sa\u00fade faz toda a diferen\u00e7a na defesa dos seus direitos como consumidor. Esses profissionais oferecem a seguran\u00e7a de uma assessoria especializada para enfrentar negativa de cobertura, cobran\u00e7as indevidas e cl\u00e1usulas abusivas, garantindo que voc\u00ea tenha acesso aos tratamentos e procedimentos que contratar. Investir em uma orienta\u00e7\u00e3o jur\u00eddica qualificada \u00e9 a melhor estrat\u00e9gia para assegurar seus direitos e usufruir de uma assist\u00eancia m\u00e9dica de qualidade, sem amarras ou obst\u00e1culos ileg\u00edtimos. Assim, diante de qualquer problema com plano de sa\u00fade, a procura por um advogado com expertise nessa \u00e1rea se torna uma decis\u00e3o imprescind\u00edvel para a prote\u00e7\u00e3o do seu bem-estar e sa\u00fade.<\/p>\n","protected":false},"excerpt":{"rendered":"<p>O\u00a0advogado contra plano de sa\u00fade\u00a0atua de forma estrat\u00e9gica na defesa do consumidor que enfrenta negativas indevidas de cobertura, atrasos em autoriza\u00e7\u00f5es ou descumprimento contratual. Esse profissional analisa o contrato, avalia laudos m\u00e9dicos e identifica abusividades praticadas pelas operadoras. Com base na legisla\u00e7\u00e3o e em decis\u00f5es judiciais recentes, \u00e9 poss\u00edvel buscar liminares r\u00e1pidas para garantir tratamentos, [&hellip;]<\/p>\n","protected":false},"author":1,"featured_media":89,"comment_status":"open","ping_status":"open","sticky":false,"template":"","format":"standard","meta":{"footnotes":""},"categories":[1],"tags":[],"class_list":["post-88","post","type-post","status-publish","format-standard","has-post-thumbnail","hentry","category-uncategorized"],"yoast_head":"<!-- This site is optimized with the Yoast SEO plugin v26.9 - https:\/\/yoast.com\/product\/yoast-seo-wordpress\/ -->\n<title>Advogado Que Atua Contra Plano De Sa\u00fade<\/title>\n<meta name=\"description\" content=\"O\u00a0advogado contra plano de sa\u00fade\u00a0atua de forma estrat\u00e9gica na defesa do consumidor que enfrenta negativas indevidas de cobertura, atrasos em autoriza\u00e7\u00f5es\" \/>\n<meta name=\"robots\" content=\"index, follow, max-snippet:-1, max-image-preview:large, max-video-preview:-1\" \/>\n<link rel=\"canonical\" href=\"https:\/\/kcsjornalismo.com.br\/index.php\/2025\/11\/26\/advogado-que-atua-contra-plano-de-saude\/\" \/>\n<meta property=\"og:locale\" content=\"pt_BR\" \/>\n<meta property=\"og:type\" content=\"article\" \/>\n<meta property=\"og:title\" content=\"Advogado Que Atua Contra Plano De Sa\u00fade\" \/>\n<meta property=\"og:description\" content=\"O\u00a0advogado contra plano de sa\u00fade\u00a0atua de forma estrat\u00e9gica na defesa do consumidor que enfrenta negativas indevidas de cobertura, atrasos em autoriza\u00e7\u00f5es\" \/>\n<meta property=\"og:url\" content=\"https:\/\/kcsjornalismo.com.br\/index.php\/2025\/11\/26\/advogado-que-atua-contra-plano-de-saude\/\" \/>\n<meta property=\"og:site_name\" content=\"KCS Jornalismo\" \/>\n<meta property=\"article:published_time\" content=\"2025-11-26T16:10:36+00:00\" \/>\n<meta property=\"article:modified_time\" content=\"2025-12-16T16:12:18+00:00\" \/>\n<meta property=\"og:image\" content=\"https:\/\/kcsjornalismo.com.br\/wp-content\/uploads\/2025\/12\/8.jpg\" \/>\n\t<meta property=\"og:image:width\" content=\"640\" \/>\n\t<meta property=\"og:image:height\" content=\"427\" \/>\n\t<meta property=\"og:image:type\" content=\"image\/jpeg\" \/>\n<meta name=\"author\" content=\"admin\" \/>\n<meta name=\"twitter:card\" content=\"summary_large_image\" \/>\n<meta name=\"twitter:label1\" content=\"Escrito por\" \/>\n\t<meta name=\"twitter:data1\" content=\"admin\" \/>\n\t<meta name=\"twitter:label2\" content=\"Est. tempo de leitura\" \/>\n\t<meta name=\"twitter:data2\" content=\"5 minutos\" \/>\n<script type=\"application\/ld+json\" class=\"yoast-schema-graph\">{\"@context\":\"https:\/\/schema.org\",\"@graph\":[{\"@type\":\"Article\",\"@id\":\"https:\/\/kcsjornalismo.com.br\/index.php\/2025\/11\/26\/advogado-que-atua-contra-plano-de-saude\/#article\",\"isPartOf\":{\"@id\":\"https:\/\/kcsjornalismo.com.br\/index.php\/2025\/11\/26\/advogado-que-atua-contra-plano-de-saude\/\"},\"author\":{\"name\":\"admin\",\"@id\":\"https:\/\/kcsjornalismo.com.br\/#\/schema\/person\/46d9f3684db2454547e390ab6bcdde2e\"},\"headline\":\"Advogado Que Atua Contra Plano De Sa\u00fade\",\"datePublished\":\"2025-11-26T16:10:36+00:00\",\"dateModified\":\"2025-12-16T16:12:18+00:00\",\"mainEntityOfPage\":{\"@id\":\"https:\/\/kcsjornalismo.com.br\/index.php\/2025\/11\/26\/advogado-que-atua-contra-plano-de-saude\/\"},\"wordCount\":1006,\"commentCount\":0,\"image\":{\"@id\":\"https:\/\/kcsjornalismo.com.br\/index.php\/2025\/11\/26\/advogado-que-atua-contra-plano-de-saude\/#primaryimage\"},\"thumbnailUrl\":\"https:\/\/kcsjornalismo.com.br\/wp-content\/uploads\/2025\/12\/8.jpg\",\"articleSection\":[\"Uncategorized\"],\"inLanguage\":\"pt-BR\",\"potentialAction\":[{\"@type\":\"CommentAction\",\"name\":\"Comment\",\"target\":[\"https:\/\/kcsjornalismo.com.br\/index.php\/2025\/11\/26\/advogado-que-atua-contra-plano-de-saude\/#respond\"]}]},{\"@type\":\"WebPage\",\"@id\":\"https:\/\/kcsjornalismo.com.br\/index.php\/2025\/11\/26\/advogado-que-atua-contra-plano-de-saude\/\",\"url\":\"https:\/\/kcsjornalismo.com.br\/index.php\/2025\/11\/26\/advogado-que-atua-contra-plano-de-saude\/\",\"name\":\"Advogado Que Atua Contra Plano De Sa\u00fade\",\"isPartOf\":{\"@id\":\"https:\/\/kcsjornalismo.com.br\/#website\"},\"primaryImageOfPage\":{\"@id\":\"https:\/\/kcsjornalismo.com.br\/index.php\/2025\/11\/26\/advogado-que-atua-contra-plano-de-saude\/#primaryimage\"},\"image\":{\"@id\":\"https:\/\/kcsjornalismo.com.br\/index.php\/2025\/11\/26\/advogado-que-atua-contra-plano-de-saude\/#primaryimage\"},\"thumbnailUrl\":\"https:\/\/kcsjornalismo.com.br\/wp-content\/uploads\/2025\/12\/8.jpg\",\"datePublished\":\"2025-11-26T16:10:36+00:00\",\"dateModified\":\"2025-12-16T16:12:18+00:00\",\"author\":{\"@id\":\"https:\/\/kcsjornalismo.com.br\/#\/schema\/person\/46d9f3684db2454547e390ab6bcdde2e\"},\"description\":\"O\u00a0advogado contra plano de sa\u00fade\u00a0atua de forma estrat\u00e9gica na defesa do consumidor que enfrenta negativas indevidas de cobertura, atrasos em autoriza\u00e7\u00f5es\",\"breadcrumb\":{\"@id\":\"https:\/\/kcsjornalismo.com.br\/index.php\/2025\/11\/26\/advogado-que-atua-contra-plano-de-saude\/#breadcrumb\"},\"inLanguage\":\"pt-BR\",\"potentialAction\":[{\"@type\":\"ReadAction\",\"target\":[\"https:\/\/kcsjornalismo.com.br\/index.php\/2025\/11\/26\/advogado-que-atua-contra-plano-de-saude\/\"]}]},{\"@type\":\"ImageObject\",\"inLanguage\":\"pt-BR\",\"@id\":\"https:\/\/kcsjornalismo.com.br\/index.php\/2025\/11\/26\/advogado-que-atua-contra-plano-de-saude\/#primaryimage\",\"url\":\"https:\/\/kcsjornalismo.com.br\/wp-content\/uploads\/2025\/12\/8.jpg\",\"contentUrl\":\"https:\/\/kcsjornalismo.com.br\/wp-content\/uploads\/2025\/12\/8.jpg\",\"width\":640,\"height\":427},{\"@type\":\"BreadcrumbList\",\"@id\":\"https:\/\/kcsjornalismo.com.br\/index.php\/2025\/11\/26\/advogado-que-atua-contra-plano-de-saude\/#breadcrumb\",\"itemListElement\":[{\"@type\":\"ListItem\",\"position\":1,\"name\":\"In\u00edcio\",\"item\":\"https:\/\/kcsjornalismo.com.br\/\"},{\"@type\":\"ListItem\",\"position\":2,\"name\":\"Advogado Que Atua Contra Plano De Sa\u00fade\"}]},{\"@type\":\"WebSite\",\"@id\":\"https:\/\/kcsjornalismo.com.br\/#website\",\"url\":\"https:\/\/kcsjornalismo.com.br\/\",\"name\":\"KCS Jornalismo\",\"description\":\"\",\"potentialAction\":[{\"@type\":\"SearchAction\",\"target\":{\"@type\":\"EntryPoint\",\"urlTemplate\":\"https:\/\/kcsjornalismo.com.br\/?s={search_term_string}\"},\"query-input\":{\"@type\":\"PropertyValueSpecification\",\"valueRequired\":true,\"valueName\":\"search_term_string\"}}],\"inLanguage\":\"pt-BR\"},{\"@type\":\"Person\",\"@id\":\"https:\/\/kcsjornalismo.com.br\/#\/schema\/person\/46d9f3684db2454547e390ab6bcdde2e\",\"name\":\"admin\",\"image\":{\"@type\":\"ImageObject\",\"inLanguage\":\"pt-BR\",\"@id\":\"https:\/\/kcsjornalismo.com.br\/#\/schema\/person\/image\/\",\"url\":\"https:\/\/secure.gravatar.com\/avatar\/230ff0c00c852580bea8e8306065642a3cfc97d21a16adaa6755300492e94560?s=96&d=mm&r=g\",\"contentUrl\":\"https:\/\/secure.gravatar.com\/avatar\/230ff0c00c852580bea8e8306065642a3cfc97d21a16adaa6755300492e94560?s=96&d=mm&r=g\",\"caption\":\"admin\"},\"sameAs\":[\"https:\/\/kcsjornalismo.com.br\"],\"url\":\"https:\/\/kcsjornalismo.com.br\/index.php\/author\/kcsjornl1\/\"}]}<\/script>\n<!-- \/ Yoast SEO plugin. -->","yoast_head_json":{"title":"Advogado Que Atua Contra Plano De Sa\u00fade","description":"O\u00a0advogado contra plano de sa\u00fade\u00a0atua de forma estrat\u00e9gica na defesa do consumidor que enfrenta negativas indevidas de cobertura, atrasos em autoriza\u00e7\u00f5es","robots":{"index":"index","follow":"follow","max-snippet":"max-snippet:-1","max-image-preview":"max-image-preview:large","max-video-preview":"max-video-preview:-1"},"canonical":"https:\/\/kcsjornalismo.com.br\/index.php\/2025\/11\/26\/advogado-que-atua-contra-plano-de-saude\/","og_locale":"pt_BR","og_type":"article","og_title":"Advogado Que Atua Contra Plano De Sa\u00fade","og_description":"O\u00a0advogado contra plano de sa\u00fade\u00a0atua de forma estrat\u00e9gica na defesa do consumidor que enfrenta negativas indevidas de cobertura, atrasos em autoriza\u00e7\u00f5es","og_url":"https:\/\/kcsjornalismo.com.br\/index.php\/2025\/11\/26\/advogado-que-atua-contra-plano-de-saude\/","og_site_name":"KCS Jornalismo","article_published_time":"2025-11-26T16:10:36+00:00","article_modified_time":"2025-12-16T16:12:18+00:00","og_image":[{"width":640,"height":427,"url":"https:\/\/kcsjornalismo.com.br\/wp-content\/uploads\/2025\/12\/8.jpg","type":"image\/jpeg"}],"author":"admin","twitter_card":"summary_large_image","twitter_misc":{"Escrito por":"admin","Est. tempo de leitura":"5 minutos"},"schema":{"@context":"https:\/\/schema.org","@graph":[{"@type":"Article","@id":"https:\/\/kcsjornalismo.com.br\/index.php\/2025\/11\/26\/advogado-que-atua-contra-plano-de-saude\/#article","isPartOf":{"@id":"https:\/\/kcsjornalismo.com.br\/index.php\/2025\/11\/26\/advogado-que-atua-contra-plano-de-saude\/"},"author":{"name":"admin","@id":"https:\/\/kcsjornalismo.com.br\/#\/schema\/person\/46d9f3684db2454547e390ab6bcdde2e"},"headline":"Advogado Que Atua Contra Plano De Sa\u00fade","datePublished":"2025-11-26T16:10:36+00:00","dateModified":"2025-12-16T16:12:18+00:00","mainEntityOfPage":{"@id":"https:\/\/kcsjornalismo.com.br\/index.php\/2025\/11\/26\/advogado-que-atua-contra-plano-de-saude\/"},"wordCount":1006,"commentCount":0,"image":{"@id":"https:\/\/kcsjornalismo.com.br\/index.php\/2025\/11\/26\/advogado-que-atua-contra-plano-de-saude\/#primaryimage"},"thumbnailUrl":"https:\/\/kcsjornalismo.com.br\/wp-content\/uploads\/2025\/12\/8.jpg","articleSection":["Uncategorized"],"inLanguage":"pt-BR","potentialAction":[{"@type":"CommentAction","name":"Comment","target":["https:\/\/kcsjornalismo.com.br\/index.php\/2025\/11\/26\/advogado-que-atua-contra-plano-de-saude\/#respond"]}]},{"@type":"WebPage","@id":"https:\/\/kcsjornalismo.com.br\/index.php\/2025\/11\/26\/advogado-que-atua-contra-plano-de-saude\/","url":"https:\/\/kcsjornalismo.com.br\/index.php\/2025\/11\/26\/advogado-que-atua-contra-plano-de-saude\/","name":"Advogado Que Atua Contra Plano De Sa\u00fade","isPartOf":{"@id":"https:\/\/kcsjornalismo.com.br\/#website"},"primaryImageOfPage":{"@id":"https:\/\/kcsjornalismo.com.br\/index.php\/2025\/11\/26\/advogado-que-atua-contra-plano-de-saude\/#primaryimage"},"image":{"@id":"https:\/\/kcsjornalismo.com.br\/index.php\/2025\/11\/26\/advogado-que-atua-contra-plano-de-saude\/#primaryimage"},"thumbnailUrl":"https:\/\/kcsjornalismo.com.br\/wp-content\/uploads\/2025\/12\/8.jpg","datePublished":"2025-11-26T16:10:36+00:00","dateModified":"2025-12-16T16:12:18+00:00","author":{"@id":"https:\/\/kcsjornalismo.com.br\/#\/schema\/person\/46d9f3684db2454547e390ab6bcdde2e"},"description":"O\u00a0advogado contra plano de sa\u00fade\u00a0atua de forma estrat\u00e9gica na defesa do consumidor que enfrenta negativas indevidas de cobertura, atrasos em autoriza\u00e7\u00f5es","breadcrumb":{"@id":"https:\/\/kcsjornalismo.com.br\/index.php\/2025\/11\/26\/advogado-que-atua-contra-plano-de-saude\/#breadcrumb"},"inLanguage":"pt-BR","potentialAction":[{"@type":"ReadAction","target":["https:\/\/kcsjornalismo.com.br\/index.php\/2025\/11\/26\/advogado-que-atua-contra-plano-de-saude\/"]}]},{"@type":"ImageObject","inLanguage":"pt-BR","@id":"https:\/\/kcsjornalismo.com.br\/index.php\/2025\/11\/26\/advogado-que-atua-contra-plano-de-saude\/#primaryimage","url":"https:\/\/kcsjornalismo.com.br\/wp-content\/uploads\/2025\/12\/8.jpg","contentUrl":"https:\/\/kcsjornalismo.com.br\/wp-content\/uploads\/2025\/12\/8.jpg","width":640,"height":427},{"@type":"BreadcrumbList","@id":"https:\/\/kcsjornalismo.com.br\/index.php\/2025\/11\/26\/advogado-que-atua-contra-plano-de-saude\/#breadcrumb","itemListElement":[{"@type":"ListItem","position":1,"name":"In\u00edcio","item":"https:\/\/kcsjornalismo.com.br\/"},{"@type":"ListItem","position":2,"name":"Advogado Que Atua Contra Plano De Sa\u00fade"}]},{"@type":"WebSite","@id":"https:\/\/kcsjornalismo.com.br\/#website","url":"https:\/\/kcsjornalismo.com.br\/","name":"KCS Jornalismo","description":"","potentialAction":[{"@type":"SearchAction","target":{"@type":"EntryPoint","urlTemplate":"https:\/\/kcsjornalismo.com.br\/?s={search_term_string}"},"query-input":{"@type":"PropertyValueSpecification","valueRequired":true,"valueName":"search_term_string"}}],"inLanguage":"pt-BR"},{"@type":"Person","@id":"https:\/\/kcsjornalismo.com.br\/#\/schema\/person\/46d9f3684db2454547e390ab6bcdde2e","name":"admin","image":{"@type":"ImageObject","inLanguage":"pt-BR","@id":"https:\/\/kcsjornalismo.com.br\/#\/schema\/person\/image\/","url":"https:\/\/secure.gravatar.com\/avatar\/230ff0c00c852580bea8e8306065642a3cfc97d21a16adaa6755300492e94560?s=96&d=mm&r=g","contentUrl":"https:\/\/secure.gravatar.com\/avatar\/230ff0c00c852580bea8e8306065642a3cfc97d21a16adaa6755300492e94560?s=96&d=mm&r=g","caption":"admin"},"sameAs":["https:\/\/kcsjornalismo.com.br"],"url":"https:\/\/kcsjornalismo.com.br\/index.php\/author\/kcsjornl1\/"}]}},"_links":{"self":[{"href":"https:\/\/kcsjornalismo.com.br\/index.php\/wp-json\/wp\/v2\/posts\/88","targetHints":{"allow":["GET"]}}],"collection":[{"href":"https:\/\/kcsjornalismo.com.br\/index.php\/wp-json\/wp\/v2\/posts"}],"about":[{"href":"https:\/\/kcsjornalismo.com.br\/index.php\/wp-json\/wp\/v2\/types\/post"}],"author":[{"embeddable":true,"href":"https:\/\/kcsjornalismo.com.br\/index.php\/wp-json\/wp\/v2\/users\/1"}],"replies":[{"embeddable":true,"href":"https:\/\/kcsjornalismo.com.br\/index.php\/wp-json\/wp\/v2\/comments?post=88"}],"version-history":[{"count":1,"href":"https:\/\/kcsjornalismo.com.br\/index.php\/wp-json\/wp\/v2\/posts\/88\/revisions"}],"predecessor-version":[{"id":90,"href":"https:\/\/kcsjornalismo.com.br\/index.php\/wp-json\/wp\/v2\/posts\/88\/revisions\/90"}],"wp:featuredmedia":[{"embeddable":true,"href":"https:\/\/kcsjornalismo.com.br\/index.php\/wp-json\/wp\/v2\/media\/89"}],"wp:attachment":[{"href":"https:\/\/kcsjornalismo.com.br\/index.php\/wp-json\/wp\/v2\/media?parent=88"}],"wp:term":[{"taxonomy":"category","embeddable":true,"href":"https:\/\/kcsjornalismo.com.br\/index.php\/wp-json\/wp\/v2\/categories?post=88"},{"taxonomy":"post_tag","embeddable":true,"href":"https:\/\/kcsjornalismo.com.br\/index.php\/wp-json\/wp\/v2\/tags?post=88"}],"curies":[{"name":"wp","href":"https:\/\/api.w.org\/{rel}","templated":true}]}}