{"id":112,"date":"2026-02-19T07:51:00","date_gmt":"2026-02-19T10:51:00","guid":{"rendered":"https:\/\/kcsjornalismo.com.br\/?p=112"},"modified":"2026-02-20T21:10:35","modified_gmt":"2026-02-21T00:10:35","slug":"a-valorizacao-dos-imoveis-em-regioes-estrategicas-do-litoral-urbano","status":"publish","type":"post","link":"https:\/\/kcsjornalismo.com.br\/index.php\/2026\/02\/19\/a-valorizacao-dos-imoveis-em-regioes-estrategicas-do-litoral-urbano\/","title":{"rendered":"A Valoriza\u00e7\u00e3o Dos Im\u00f3veis Em Regi\u00f5es Estrat\u00e9gicas Do Litoral Urbano"},"content":{"rendered":"<p><a href=\"https:\/\/costaniemeyerstudios.com.br\/\"><img decoding=\"async\" class='aligncenter' style='display: block;margin-left:auto;margin-right:auto;' width=\"702px\" alt=\"A valoriza\u00e7\u00e3o dos im\u00f3veis em regi\u00f5es estrat\u00e9gicas do litoral urbano\" src=\"https:\/\/plus.unsplash.com\/premium_photo-1661964301291-75df9dd37f23?q=80&#038;w=1074&#038;auto=format&#038;fit=crop&#038;ixlib=rb-4.1.0&#038;ixid=M3wxMjA3fDB8MHxwaG90by1wYWdlfHx8fGVufDB8fHx8fA%3D%3D\"\/><\/a><\/p>\n<p>Im\u00f3veis localizados em regi\u00f5es estrat\u00e9gicas do litoral urbano apresentam alto potencial de valoriza\u00e7\u00e3o, impulsionado pela escassez de terrenos e pela busca por qualidade de vida. O costa niemeyer studios se insere nesse contexto, oferecendo uma proposta que une localiza\u00e7\u00e3o privilegiada e alto padr\u00e3o construtivo.<\/p>\n<p> A valoriza\u00e7\u00e3o imobili\u00e1ria em \u00e1reas litor\u00e2neas est\u00e1 diretamente ligada \u00e0 exclusividade e ao entorno urbano qualificado. O <a href=\"https:\/\/costaniemeyerstudios.com.br\/\">costa niemeyer studios<\/a> se beneficia dessa din\u00e2mica ao estar situado entre bairros nobres, com vista diferenciada e f\u00e1cil acesso a servi\u00e7os essenciais. Esse conjunto de fatores fortalece a atratividade do empreendimento, tanto para quem deseja morar com conforto quanto para investidores que buscam ativos s\u00f3lidos, resilientes a oscila\u00e7\u00f5es econ\u00f4micas. <\/p>\n<p>A valoriza\u00e7\u00e3o dos im\u00f3veis em regi\u00f5es estrat\u00e9gicas do litoral urbano tem se tornado um fen\u00f4meno not\u00e1vel no mercado imobili\u00e1rio brasileiro, especialmente nas \u00faltimas d\u00e9cadas. Com o crescimento acelerado das \u00e1reas costeiras e o aumento do interesse de investidores, moradores e turistas, o valor das propriedades nessas regi\u00f5es tem apresentado tend\u00eancias de alta significativa. Este artigo busca explorar os fatores que impulsionam essa valoriza\u00e7\u00e3o, destacando suas principais regi\u00f5es, impactos econ\u00f4micos e sociais, al\u00e9m de apontar perspectivas futuras para o setor imobili\u00e1rio costeiro.<\/p>\n<h2>Fatores que impulsionam a valoriza\u00e7\u00e3o dos im\u00f3veis no litoral urbano<\/h2>\n<h3>Localiza\u00e7\u00e3o privilegiada<\/h3>\n<p>Uma das principais raz\u00f5es para a valoriza\u00e7\u00e3o dos im\u00f3veis em regi\u00f5es estrat\u00e9gicas do litoral urbano \u00e9, sem d\u00favida, a localiza\u00e7\u00e3o. Proximidade ao mar, f\u00e1cil acesso a servi\u00e7os, infraestrutura desenvolvida e conex\u00f5es de transporte eficientes tornam essas \u00e1reas altamente desej\u00e1veis. Cada vez mais, pessoas buscam residir ou investir em locais que ofere\u00e7am uma qualidade de vida elevada, lazer e conforto, o que alavanca o valor das propriedades nessas regi\u00f5es.<\/p>\n<h3>Desenvolvimento urbano e infraestrutura<\/h3>\n<p>O crescimento do desenvolvimento urbano, aliado a melhorias na infraestrutura, como saneamento b\u00e1sico, mobilidade urbana, lazer e seguran\u00e7a, tamb\u00e9m desempenha papel fundamental na valoriza\u00e7\u00e3o imobili\u00e1ria. Regi\u00f5es que apresentam investimentos constantes em obras p\u00fablicas e privadas tendem a ver seus im\u00f3veis valorizados, pois oferecem maior conveni\u00eancia e seguran\u00e7a aos moradores e investidores.<\/p>\n<h3>Turismo e economia local<\/h3>\n<p>O turismo \u00e9 um motor importante para a valoriza\u00e7\u00e3o imobili\u00e1ria costeira. \u00c1reas que atraem turistas durante o ano todo ou sazonalmente veem um aumento na demanda por im\u00f3veis de aluguel por temporada, resid\u00eancias de veraneio e empreendimentos hoteleiros. Essa din\u00e2mica eleva os pre\u00e7os dos im\u00f3veis, estimulando novos investimentos e impulsionando a economia local.<\/p>\n<h2>Regi\u00f5es estrat\u00e9gicas do litoral urbano em destaque<\/h2>\n<h3>Regi\u00e3o Sudeste<\/h3>\n<p>O litoral do estado de S\u00e3o Paulo, com destaque para cidades como Santos, Ubatuba e Guaruj\u00e1, \u00e9 um exemplo emblem\u00e1tico das regi\u00f5es que representam oportunidades de valoriza\u00e7\u00e3o cont\u00ednua. Essas cidades combinam uma infraestrutura consolidada, forte presen\u00e7a tur\u00edstica e uma economia vibrante baseada no com\u00e9rcio, servi\u00e7os e ind\u00fastria naval.<\/p>\n<h3>Regi\u00e3o Sul<\/h3>\n<p>No Rio Grande do Sul, cidades como Balne\u00e1rio Cambori\u00fa atingiram notoriedade por sua alta valoriza\u00e7\u00e3o imobili\u00e1ria, impulsionada por uma combina\u00e7\u00e3o de fatores como a inova\u00e7\u00e3o urbana, alta qualidade de vida e uma forte cultura tur\u00edstica e de conven\u00e7\u00f5es.<\/p>\n<h3>Regi\u00e3o Nordeste<\/h3>\n<p>O Nordeste tamb\u00e9m vem se destacando, com regi\u00f5es como Recife, Natal e Fortaleza apresentando uma valoriza\u00e7\u00e3o consistente em seus bairros costeiros. O potencial de crescimento e a beleza natural dessas \u00e1reas atraem cada vez mais investidores buscando explorar nichos de mercado relacionados ao turismo de alta qualidade e resid\u00eancias de veraneio.<\/p>\n<h2>Impactos econ\u00f4micos e sociais da valoriza\u00e7\u00e3o imobili\u00e1ria<\/h2>\n<p>A valoriza\u00e7\u00e3o dos im\u00f3veis muitas vezes impulsiona o desenvolvimento econ\u00f4mico local ao criar empregos na constru\u00e7\u00e3o civil, no setor de servi\u00e7os e na manuten\u00e7\u00e3o de empreendimentos tur\u00edsticos. Al\u00e9m disso, pode promover melhorias na infraestrutura urbana, elevando o padr\u00e3o de vida da popula\u00e7\u00e3o local.<\/p>\n<p>No entanto, esse crescimento tamb\u00e9m pode gerar desafios sociais, como o aumento do custo de vida, especula\u00e7\u00e3o imobili\u00e1ria e a amea\u00e7a ao equil\u00edbrio ambiental. \u00c9 fundamental que haja pol\u00edticas p\u00fablicas que promovam o desenvolvimento sustent\u00e1vel, preservando o equil\u00edbrio entre crescimento econ\u00f4mico e prote\u00e7\u00e3o do meio ambiente costeiro.<\/p>\n<h2>Perspectivas futuras<\/h2>\n<p>Com o aumento da conscientiza\u00e7\u00e3o sobre a import\u00e2ncia do meio ambiente e sustentabilidade, as regi\u00f5es estrat\u00e9gicas do litoral urbano ter\u00e3o que equilibrar o crescimento imobili\u00e1rio com a\u00e7\u00f5es de preserva\u00e7\u00e3o. Investimentos em constru\u00e7\u00f5es sustent\u00e1veis, parques e \u00e1reas de preserva\u00e7\u00e3o s\u00e3o essenciais para garantir a manuten\u00e7\u00e3o da valoriza\u00e7\u00e3o de forma respons\u00e1vel.<\/p>\n<p>Al\u00e9m disso, a digitaliza\u00e7\u00e3o e melhorias cont\u00ednuas na infraestrutura de transporte, comunica\u00e7\u00e3o e servi\u00e7os ir\u00e3o potencializar ainda mais as regi\u00f5es costeiras, consolidando sua posi\u00e7\u00e3o como locais de alta valoriza\u00e7\u00e3o imobili\u00e1ria.<\/p>\n<p>Contudo, \u00e9 imprescind\u00edvel que as pol\u00edticas p\u00fablicas e planejamentos urbanos estejam alinhados com esses objetivos, promovendo uma valoriza\u00e7\u00e3o que beneficie toda a sociedade, respeitando os limites do meio ambiente e garantindo um desenvolvimento equilibrado no litoral urbano.<\/p>\n","protected":false},"excerpt":{"rendered":"<p>Im\u00f3veis localizados em regi\u00f5es estrat\u00e9gicas do litoral urbano apresentam alto potencial de valoriza\u00e7\u00e3o, impulsionado pela escassez de terrenos e pela busca por qualidade de vida. O costa niemeyer studios se insere nesse contexto, oferecendo uma proposta que une localiza\u00e7\u00e3o privilegiada e alto padr\u00e3o construtivo. A valoriza\u00e7\u00e3o imobili\u00e1ria em \u00e1reas litor\u00e2neas est\u00e1 diretamente ligada \u00e0 exclusividade [&hellip;]<\/p>\n","protected":false},"author":1,"featured_media":0,"comment_status":"closed","ping_status":"open","sticky":false,"template":"","format":"standard","meta":{"footnotes":""},"categories":[1],"tags":[217,215,218,216,219,118],"class_list":["post-112","post","type-post","status-publish","format-standard","hentry","category-uncategorized","tag-estrategicas","tag-imoveis","tag-litoral","tag-regioes","tag-urbano","tag-valorizacao"],"yoast_head":"<!-- This site is optimized with the Yoast SEO plugin v27.5 - https:\/\/yoast.com\/product\/yoast-seo-wordpress\/ -->\n<title>A Valoriza\u00e7\u00e3o Dos Im\u00f3veis Em Regi\u00f5es Estrat\u00e9gicas Do Litoral Urbano<\/title>\n<meta name=\"description\" content=\"Im\u00f3veis localizados em regi\u00f5es estrat\u00e9gicas do litoral urbano apresentam alto potencial de valoriza\u00e7\u00e3o, impulsionado pela escassez de terrenos e pela\" \/>\n<meta name=\"robots\" content=\"index, follow, max-snippet:-1, max-image-preview:large, max-video-preview:-1\" \/>\n<link rel=\"canonical\" href=\"https:\/\/kcsjornalismo.com.br\/index.php\/2026\/02\/19\/a-valorizacao-dos-imoveis-em-regioes-estrategicas-do-litoral-urbano\/\" \/>\n<meta property=\"og:locale\" content=\"pt_BR\" \/>\n<meta property=\"og:type\" content=\"article\" \/>\n<meta property=\"og:title\" content=\"A Valoriza\u00e7\u00e3o Dos Im\u00f3veis Em Regi\u00f5es Estrat\u00e9gicas Do Litoral Urbano\" \/>\n<meta property=\"og:description\" content=\"Im\u00f3veis localizados em regi\u00f5es estrat\u00e9gicas do litoral urbano apresentam alto potencial de valoriza\u00e7\u00e3o, impulsionado pela escassez de terrenos e pela\" \/>\n<meta property=\"og:url\" content=\"https:\/\/kcsjornalismo.com.br\/index.php\/2026\/02\/19\/a-valorizacao-dos-imoveis-em-regioes-estrategicas-do-litoral-urbano\/\" \/>\n<meta property=\"og:site_name\" content=\"KCS Jornalismo\" \/>\n<meta property=\"article:published_time\" content=\"2026-02-19T10:51:00+00:00\" \/>\n<meta property=\"article:modified_time\" content=\"2026-02-21T00:10:35+00:00\" \/>\n<meta property=\"og:image\" content=\"https:\/\/plus.unsplash.com\/premium_photo-1661964301291-75df9dd37f23?q=80&w=1074&auto=format&fit=crop&ixlib=rb-4.1.0&ixid=M3wxMjA3fDB8MHxwaG90by1wYWdlfHx8fGVufDB8fHx8fA%3D%3D\" \/>\n<meta name=\"author\" content=\"admin\" \/>\n<meta name=\"twitter:card\" content=\"summary_large_image\" \/>\n<meta name=\"twitter:label1\" content=\"Escrito por\" \/>\n\t<meta name=\"twitter:data1\" content=\"admin\" \/>\n\t<meta name=\"twitter:label2\" content=\"Est. tempo de leitura\" \/>\n\t<meta name=\"twitter:data2\" content=\"4 minutos\" \/>\n<script type=\"application\/ld+json\" class=\"yoast-schema-graph\">{\"@context\":\"https:\\\/\\\/schema.org\",\"@graph\":[{\"@type\":\"Article\",\"@id\":\"https:\\\/\\\/kcsjornalismo.com.br\\\/index.php\\\/2026\\\/02\\\/19\\\/a-valorizacao-dos-imoveis-em-regioes-estrategicas-do-litoral-urbano\\\/#article\",\"isPartOf\":{\"@id\":\"https:\\\/\\\/kcsjornalismo.com.br\\\/index.php\\\/2026\\\/02\\\/19\\\/a-valorizacao-dos-imoveis-em-regioes-estrategicas-do-litoral-urbano\\\/\"},\"author\":{\"name\":\"admin\",\"@id\":\"https:\\\/\\\/kcsjornalismo.com.br\\\/#\\\/schema\\\/person\\\/46d9f3684db2454547e390ab6bcdde2e\"},\"headline\":\"A Valoriza\u00e7\u00e3o Dos Im\u00f3veis Em Regi\u00f5es Estrat\u00e9gicas Do Litoral Urbano\",\"datePublished\":\"2026-02-19T10:51:00+00:00\",\"dateModified\":\"2026-02-21T00:10:35+00:00\",\"mainEntityOfPage\":{\"@id\":\"https:\\\/\\\/kcsjornalismo.com.br\\\/index.php\\\/2026\\\/02\\\/19\\\/a-valorizacao-dos-imoveis-em-regioes-estrategicas-do-litoral-urbano\\\/\"},\"wordCount\":898,\"image\":{\"@id\":\"https:\\\/\\\/kcsjornalismo.com.br\\\/index.php\\\/2026\\\/02\\\/19\\\/a-valorizacao-dos-imoveis-em-regioes-estrategicas-do-litoral-urbano\\\/#primaryimage\"},\"thumbnailUrl\":\"https:\\\/\\\/plus.unsplash.com\\\/premium_photo-1661964301291-75df9dd37f23?q=80&w=1074&auto=format&fit=crop&ixlib=rb-4.1.0&ixid=M3wxMjA3fDB8MHxwaG90by1wYWdlfHx8fGVufDB8fHx8fA%3D%3D\",\"keywords\":[\"estrat\u00e9gicas\",\"im\u00f3veis\",\"litoral\",\"regi\u00f5es\",\"urbano\",\"valoriza\u00e7\u00e3o\"],\"articleSection\":[\"Uncategorized\"],\"inLanguage\":\"pt-BR\"},{\"@type\":\"WebPage\",\"@id\":\"https:\\\/\\\/kcsjornalismo.com.br\\\/index.php\\\/2026\\\/02\\\/19\\\/a-valorizacao-dos-imoveis-em-regioes-estrategicas-do-litoral-urbano\\\/\",\"url\":\"https:\\\/\\\/kcsjornalismo.com.br\\\/index.php\\\/2026\\\/02\\\/19\\\/a-valorizacao-dos-imoveis-em-regioes-estrategicas-do-litoral-urbano\\\/\",\"name\":\"A Valoriza\u00e7\u00e3o Dos Im\u00f3veis Em Regi\u00f5es Estrat\u00e9gicas Do Litoral Urbano\",\"isPartOf\":{\"@id\":\"https:\\\/\\\/kcsjornalismo.com.br\\\/#website\"},\"primaryImageOfPage\":{\"@id\":\"https:\\\/\\\/kcsjornalismo.com.br\\\/index.php\\\/2026\\\/02\\\/19\\\/a-valorizacao-dos-imoveis-em-regioes-estrategicas-do-litoral-urbano\\\/#primaryimage\"},\"image\":{\"@id\":\"https:\\\/\\\/kcsjornalismo.com.br\\\/index.php\\\/2026\\\/02\\\/19\\\/a-valorizacao-dos-imoveis-em-regioes-estrategicas-do-litoral-urbano\\\/#primaryimage\"},\"thumbnailUrl\":\"https:\\\/\\\/plus.unsplash.com\\\/premium_photo-1661964301291-75df9dd37f23?q=80&w=1074&auto=format&fit=crop&ixlib=rb-4.1.0&ixid=M3wxMjA3fDB8MHxwaG90by1wYWdlfHx8fGVufDB8fHx8fA%3D%3D\",\"datePublished\":\"2026-02-19T10:51:00+00:00\",\"dateModified\":\"2026-02-21T00:10:35+00:00\",\"author\":{\"@id\":\"https:\\\/\\\/kcsjornalismo.com.br\\\/#\\\/schema\\\/person\\\/46d9f3684db2454547e390ab6bcdde2e\"},\"description\":\"Im\u00f3veis localizados em regi\u00f5es estrat\u00e9gicas do litoral urbano apresentam alto potencial de valoriza\u00e7\u00e3o, impulsionado pela escassez de terrenos e pela\",\"breadcrumb\":{\"@id\":\"https:\\\/\\\/kcsjornalismo.com.br\\\/index.php\\\/2026\\\/02\\\/19\\\/a-valorizacao-dos-imoveis-em-regioes-estrategicas-do-litoral-urbano\\\/#breadcrumb\"},\"inLanguage\":\"pt-BR\",\"potentialAction\":[{\"@type\":\"ReadAction\",\"target\":[\"https:\\\/\\\/kcsjornalismo.com.br\\\/index.php\\\/2026\\\/02\\\/19\\\/a-valorizacao-dos-imoveis-em-regioes-estrategicas-do-litoral-urbano\\\/\"]}]},{\"@type\":\"ImageObject\",\"inLanguage\":\"pt-BR\",\"@id\":\"https:\\\/\\\/kcsjornalismo.com.br\\\/index.php\\\/2026\\\/02\\\/19\\\/a-valorizacao-dos-imoveis-em-regioes-estrategicas-do-litoral-urbano\\\/#primaryimage\",\"url\":\"https:\\\/\\\/plus.unsplash.com\\\/premium_photo-1661964301291-75df9dd37f23?q=80&w=1074&auto=format&fit=crop&ixlib=rb-4.1.0&ixid=M3wxMjA3fDB8MHxwaG90by1wYWdlfHx8fGVufDB8fHx8fA%3D%3D\",\"contentUrl\":\"https:\\\/\\\/plus.unsplash.com\\\/premium_photo-1661964301291-75df9dd37f23?q=80&w=1074&auto=format&fit=crop&ixlib=rb-4.1.0&ixid=M3wxMjA3fDB8MHxwaG90by1wYWdlfHx8fGVufDB8fHx8fA%3D%3D\"},{\"@type\":\"BreadcrumbList\",\"@id\":\"https:\\\/\\\/kcsjornalismo.com.br\\\/index.php\\\/2026\\\/02\\\/19\\\/a-valorizacao-dos-imoveis-em-regioes-estrategicas-do-litoral-urbano\\\/#breadcrumb\",\"itemListElement\":[{\"@type\":\"ListItem\",\"position\":1,\"name\":\"In\u00edcio\",\"item\":\"https:\\\/\\\/kcsjornalismo.com.br\\\/\"},{\"@type\":\"ListItem\",\"position\":2,\"name\":\"A Valoriza\u00e7\u00e3o Dos Im\u00f3veis Em Regi\u00f5es Estrat\u00e9gicas Do Litoral Urbano\"}]},{\"@type\":\"WebSite\",\"@id\":\"https:\\\/\\\/kcsjornalismo.com.br\\\/#website\",\"url\":\"https:\\\/\\\/kcsjornalismo.com.br\\\/\",\"name\":\"KCS Jornalismo\",\"description\":\"\",\"potentialAction\":[{\"@type\":\"SearchAction\",\"target\":{\"@type\":\"EntryPoint\",\"urlTemplate\":\"https:\\\/\\\/kcsjornalismo.com.br\\\/?s={search_term_string}\"},\"query-input\":{\"@type\":\"PropertyValueSpecification\",\"valueRequired\":true,\"valueName\":\"search_term_string\"}}],\"inLanguage\":\"pt-BR\"},{\"@type\":\"Person\",\"@id\":\"https:\\\/\\\/kcsjornalismo.com.br\\\/#\\\/schema\\\/person\\\/46d9f3684db2454547e390ab6bcdde2e\",\"name\":\"admin\",\"image\":{\"@type\":\"ImageObject\",\"inLanguage\":\"pt-BR\",\"@id\":\"https:\\\/\\\/secure.gravatar.com\\\/avatar\\\/230ff0c00c852580bea8e8306065642a3cfc97d21a16adaa6755300492e94560?s=96&d=mm&r=g\",\"url\":\"https:\\\/\\\/secure.gravatar.com\\\/avatar\\\/230ff0c00c852580bea8e8306065642a3cfc97d21a16adaa6755300492e94560?s=96&d=mm&r=g\",\"contentUrl\":\"https:\\\/\\\/secure.gravatar.com\\\/avatar\\\/230ff0c00c852580bea8e8306065642a3cfc97d21a16adaa6755300492e94560?s=96&d=mm&r=g\",\"caption\":\"admin\"},\"sameAs\":[\"https:\\\/\\\/kcsjornalismo.com.br\"],\"url\":\"https:\\\/\\\/kcsjornalismo.com.br\\\/index.php\\\/author\\\/kcsjornl1\\\/\"}]}<\/script>\n<!-- \/ Yoast SEO plugin. -->","yoast_head_json":{"title":"A Valoriza\u00e7\u00e3o Dos Im\u00f3veis Em Regi\u00f5es Estrat\u00e9gicas Do Litoral Urbano","description":"Im\u00f3veis localizados em regi\u00f5es estrat\u00e9gicas do litoral urbano apresentam alto potencial de valoriza\u00e7\u00e3o, impulsionado pela escassez de terrenos e pela","robots":{"index":"index","follow":"follow","max-snippet":"max-snippet:-1","max-image-preview":"max-image-preview:large","max-video-preview":"max-video-preview:-1"},"canonical":"https:\/\/kcsjornalismo.com.br\/index.php\/2026\/02\/19\/a-valorizacao-dos-imoveis-em-regioes-estrategicas-do-litoral-urbano\/","og_locale":"pt_BR","og_type":"article","og_title":"A Valoriza\u00e7\u00e3o Dos Im\u00f3veis Em Regi\u00f5es Estrat\u00e9gicas Do Litoral Urbano","og_description":"Im\u00f3veis localizados em regi\u00f5es estrat\u00e9gicas do litoral urbano apresentam alto potencial de valoriza\u00e7\u00e3o, impulsionado pela escassez de terrenos e pela","og_url":"https:\/\/kcsjornalismo.com.br\/index.php\/2026\/02\/19\/a-valorizacao-dos-imoveis-em-regioes-estrategicas-do-litoral-urbano\/","og_site_name":"KCS Jornalismo","article_published_time":"2026-02-19T10:51:00+00:00","article_modified_time":"2026-02-21T00:10:35+00:00","og_image":[{"url":"https:\/\/plus.unsplash.com\/premium_photo-1661964301291-75df9dd37f23?q=80&w=1074&auto=format&fit=crop&ixlib=rb-4.1.0&ixid=M3wxMjA3fDB8MHxwaG90by1wYWdlfHx8fGVufDB8fHx8fA%3D%3D","type":"","width":"","height":""}],"author":"admin","twitter_card":"summary_large_image","twitter_misc":{"Escrito por":"admin","Est. tempo de leitura":"4 minutos"},"schema":{"@context":"https:\/\/schema.org","@graph":[{"@type":"Article","@id":"https:\/\/kcsjornalismo.com.br\/index.php\/2026\/02\/19\/a-valorizacao-dos-imoveis-em-regioes-estrategicas-do-litoral-urbano\/#article","isPartOf":{"@id":"https:\/\/kcsjornalismo.com.br\/index.php\/2026\/02\/19\/a-valorizacao-dos-imoveis-em-regioes-estrategicas-do-litoral-urbano\/"},"author":{"name":"admin","@id":"https:\/\/kcsjornalismo.com.br\/#\/schema\/person\/46d9f3684db2454547e390ab6bcdde2e"},"headline":"A Valoriza\u00e7\u00e3o Dos Im\u00f3veis Em Regi\u00f5es Estrat\u00e9gicas Do Litoral Urbano","datePublished":"2026-02-19T10:51:00+00:00","dateModified":"2026-02-21T00:10:35+00:00","mainEntityOfPage":{"@id":"https:\/\/kcsjornalismo.com.br\/index.php\/2026\/02\/19\/a-valorizacao-dos-imoveis-em-regioes-estrategicas-do-litoral-urbano\/"},"wordCount":898,"image":{"@id":"https:\/\/kcsjornalismo.com.br\/index.php\/2026\/02\/19\/a-valorizacao-dos-imoveis-em-regioes-estrategicas-do-litoral-urbano\/#primaryimage"},"thumbnailUrl":"https:\/\/plus.unsplash.com\/premium_photo-1661964301291-75df9dd37f23?q=80&w=1074&auto=format&fit=crop&ixlib=rb-4.1.0&ixid=M3wxMjA3fDB8MHxwaG90by1wYWdlfHx8fGVufDB8fHx8fA%3D%3D","keywords":["estrat\u00e9gicas","im\u00f3veis","litoral","regi\u00f5es","urbano","valoriza\u00e7\u00e3o"],"articleSection":["Uncategorized"],"inLanguage":"pt-BR"},{"@type":"WebPage","@id":"https:\/\/kcsjornalismo.com.br\/index.php\/2026\/02\/19\/a-valorizacao-dos-imoveis-em-regioes-estrategicas-do-litoral-urbano\/","url":"https:\/\/kcsjornalismo.com.br\/index.php\/2026\/02\/19\/a-valorizacao-dos-imoveis-em-regioes-estrategicas-do-litoral-urbano\/","name":"A Valoriza\u00e7\u00e3o Dos Im\u00f3veis Em Regi\u00f5es Estrat\u00e9gicas Do Litoral Urbano","isPartOf":{"@id":"https:\/\/kcsjornalismo.com.br\/#website"},"primaryImageOfPage":{"@id":"https:\/\/kcsjornalismo.com.br\/index.php\/2026\/02\/19\/a-valorizacao-dos-imoveis-em-regioes-estrategicas-do-litoral-urbano\/#primaryimage"},"image":{"@id":"https:\/\/kcsjornalismo.com.br\/index.php\/2026\/02\/19\/a-valorizacao-dos-imoveis-em-regioes-estrategicas-do-litoral-urbano\/#primaryimage"},"thumbnailUrl":"https:\/\/plus.unsplash.com\/premium_photo-1661964301291-75df9dd37f23?q=80&w=1074&auto=format&fit=crop&ixlib=rb-4.1.0&ixid=M3wxMjA3fDB8MHxwaG90by1wYWdlfHx8fGVufDB8fHx8fA%3D%3D","datePublished":"2026-02-19T10:51:00+00:00","dateModified":"2026-02-21T00:10:35+00:00","author":{"@id":"https:\/\/kcsjornalismo.com.br\/#\/schema\/person\/46d9f3684db2454547e390ab6bcdde2e"},"description":"Im\u00f3veis localizados em regi\u00f5es estrat\u00e9gicas do litoral urbano apresentam alto potencial de valoriza\u00e7\u00e3o, impulsionado pela escassez de terrenos e pela","breadcrumb":{"@id":"https:\/\/kcsjornalismo.com.br\/index.php\/2026\/02\/19\/a-valorizacao-dos-imoveis-em-regioes-estrategicas-do-litoral-urbano\/#breadcrumb"},"inLanguage":"pt-BR","potentialAction":[{"@type":"ReadAction","target":["https:\/\/kcsjornalismo.com.br\/index.php\/2026\/02\/19\/a-valorizacao-dos-imoveis-em-regioes-estrategicas-do-litoral-urbano\/"]}]},{"@type":"ImageObject","inLanguage":"pt-BR","@id":"https:\/\/kcsjornalismo.com.br\/index.php\/2026\/02\/19\/a-valorizacao-dos-imoveis-em-regioes-estrategicas-do-litoral-urbano\/#primaryimage","url":"https:\/\/plus.unsplash.com\/premium_photo-1661964301291-75df9dd37f23?q=80&w=1074&auto=format&fit=crop&ixlib=rb-4.1.0&ixid=M3wxMjA3fDB8MHxwaG90by1wYWdlfHx8fGVufDB8fHx8fA%3D%3D","contentUrl":"https:\/\/plus.unsplash.com\/premium_photo-1661964301291-75df9dd37f23?q=80&w=1074&auto=format&fit=crop&ixlib=rb-4.1.0&ixid=M3wxMjA3fDB8MHxwaG90by1wYWdlfHx8fGVufDB8fHx8fA%3D%3D"},{"@type":"BreadcrumbList","@id":"https:\/\/kcsjornalismo.com.br\/index.php\/2026\/02\/19\/a-valorizacao-dos-imoveis-em-regioes-estrategicas-do-litoral-urbano\/#breadcrumb","itemListElement":[{"@type":"ListItem","position":1,"name":"In\u00edcio","item":"https:\/\/kcsjornalismo.com.br\/"},{"@type":"ListItem","position":2,"name":"A Valoriza\u00e7\u00e3o Dos Im\u00f3veis Em Regi\u00f5es Estrat\u00e9gicas Do Litoral Urbano"}]},{"@type":"WebSite","@id":"https:\/\/kcsjornalismo.com.br\/#website","url":"https:\/\/kcsjornalismo.com.br\/","name":"KCS Jornalismo","description":"","potentialAction":[{"@type":"SearchAction","target":{"@type":"EntryPoint","urlTemplate":"https:\/\/kcsjornalismo.com.br\/?s={search_term_string}"},"query-input":{"@type":"PropertyValueSpecification","valueRequired":true,"valueName":"search_term_string"}}],"inLanguage":"pt-BR"},{"@type":"Person","@id":"https:\/\/kcsjornalismo.com.br\/#\/schema\/person\/46d9f3684db2454547e390ab6bcdde2e","name":"admin","image":{"@type":"ImageObject","inLanguage":"pt-BR","@id":"https:\/\/secure.gravatar.com\/avatar\/230ff0c00c852580bea8e8306065642a3cfc97d21a16adaa6755300492e94560?s=96&d=mm&r=g","url":"https:\/\/secure.gravatar.com\/avatar\/230ff0c00c852580bea8e8306065642a3cfc97d21a16adaa6755300492e94560?s=96&d=mm&r=g","contentUrl":"https:\/\/secure.gravatar.com\/avatar\/230ff0c00c852580bea8e8306065642a3cfc97d21a16adaa6755300492e94560?s=96&d=mm&r=g","caption":"admin"},"sameAs":["https:\/\/kcsjornalismo.com.br"],"url":"https:\/\/kcsjornalismo.com.br\/index.php\/author\/kcsjornl1\/"}]}},"_links":{"self":[{"href":"https:\/\/kcsjornalismo.com.br\/index.php\/wp-json\/wp\/v2\/posts\/112","targetHints":{"allow":["GET"]}}],"collection":[{"href":"https:\/\/kcsjornalismo.com.br\/index.php\/wp-json\/wp\/v2\/posts"}],"about":[{"href":"https:\/\/kcsjornalismo.com.br\/index.php\/wp-json\/wp\/v2\/types\/post"}],"author":[{"embeddable":true,"href":"https:\/\/kcsjornalismo.com.br\/index.php\/wp-json\/wp\/v2\/users\/1"}],"replies":[{"embeddable":true,"href":"https:\/\/kcsjornalismo.com.br\/index.php\/wp-json\/wp\/v2\/comments?post=112"}],"version-history":[{"count":1,"href":"https:\/\/kcsjornalismo.com.br\/index.php\/wp-json\/wp\/v2\/posts\/112\/revisions"}],"predecessor-version":[{"id":113,"href":"https:\/\/kcsjornalismo.com.br\/index.php\/wp-json\/wp\/v2\/posts\/112\/revisions\/113"}],"wp:attachment":[{"href":"https:\/\/kcsjornalismo.com.br\/index.php\/wp-json\/wp\/v2\/media?parent=112"}],"wp:term":[{"taxonomy":"category","embeddable":true,"href":"https:\/\/kcsjornalismo.com.br\/index.php\/wp-json\/wp\/v2\/categories?post=112"},{"taxonomy":"post_tag","embeddable":true,"href":"https:\/\/kcsjornalismo.com.br\/index.php\/wp-json\/wp\/v2\/tags?post=112"}],"curies":[{"name":"wp","href":"https:\/\/api.w.org\/{rel}","templated":true}]}}