{"id":101,"date":"2026-01-08T22:20:00","date_gmt":"2026-01-09T01:20:00","guid":{"rendered":"https:\/\/kcsjornalismo.com.br\/?p=101"},"modified":"2026-01-09T16:26:25","modified_gmt":"2026-01-09T19:26:25","slug":"novas-formas-de-conectar-motoristas-autonomos-a-oportunidades-de-carga","status":"publish","type":"post","link":"https:\/\/kcsjornalismo.com.br\/index.php\/2026\/01\/08\/novas-formas-de-conectar-motoristas-autonomos-a-oportunidades-de-carga\/","title":{"rendered":"Novas Formas De Conectar Motoristas Aut\u00f4nomos A Oportunidades De Carga"},"content":{"rendered":"<p><a href=\"https:\/\/www.puxada.com.br\/\"><img decoding=\"async\" class='aligncenter' style='display: block;margin-left:auto;margin-right:auto;' src=\"https:\/\/www.autoindustria.com.br\/wp-content\/uploads\/2022\/10\/1_VM_Sider-1200x640.png\" width=\"707px\" alt=\"Novas formas de conectar motoristas aut\u00f4nomos a oportunidades de carga\"\/><\/a><\/p>\n<p>Com a crescente expans\u00e3o do mercado de transporte de cargas e a populariza\u00e7\u00e3o dos motoristas aut\u00f4nomos, encontrar maneiras eficientes de conectar esses profissionais a novas oportunidades de carga tornou-se uma prioridade para empresas e plataformas do setor. Novas formas de conectar motoristas aut\u00f4nomos a oportunidades de carga v\u00eam surgindo, utilizando tecnologia avan\u00e7ada, plataformas digitais e processos inovadores. Essas solu\u00e7\u00f5es visam n\u00e3o s\u00f3 otimizar a log\u00edstica e aumentar a rentabilidade dos motoristas, mas tamb\u00e9m reduzir custos operacionais para as empresas de transporte. Este artigo explora algumas das estrat\u00e9gias mais modernas e eficazes para fortalecer essa conex\u00e3o e impulsionar o setor.<\/p>\n<p>Conectar motoristas aut\u00f4nomos a novas oportunidades de <a href=\"https:\/\/www.puxada.com.br\/\">carga<\/a> nunca foi t\u00e3o simples quanto agora. As solu\u00e7\u00f5es digitais eliminam intermedi\u00e1rios desnecess\u00e1rios e facilitam o acesso direto a demandas em diferentes regi\u00f5es do pa\u00eds. Com poucos cliques, o caminhoneiro pode analisar dist\u00e2ncias, valores e tipos de mercadoria, escolhendo as melhores op\u00e7\u00f5es. Esse modelo torna o trabalho mais transparente, competitivo e alinhado \u00e0s necessidades reais de quem atua de forma independente.<\/p>\n<h2>Transforma\u00e7\u00e3o digital no setor de transporte<\/h2>\n<p>A digitaliza\u00e7\u00e3o mudou radicalmente a forma como motoristas aut\u00f4nomos encontram oportunidades de carga. Plataformas espec\u00edficas, muitas delas baseadas em aplicativos, t\u00eam permitido uma conex\u00e3o mais \u00e1gil e eficiente entre os motoristas e as empresas de transporte. Essas plataformas funcionam como marketplaces, onde cargas dispon\u00edveis s\u00e3o listadas em tempo real, permitindo que os motoristas possam selecionar as oportunidades que melhor atendem \u00e0s suas rotas e capacidades. Al\u00e9m disso, o uso de intelig\u00eancia artificial e algoritmos de otimiza\u00e7\u00e3o melhora ainda mais a efici\u00eancia, sugerindo cargas de acordo com a localiza\u00e7\u00e3o, o hist\u00f3rico do motorista e a demanda do mercado.<\/p>\n<h2>Novas formas de conex\u00e3o<\/h2>\n<p>Entre as novidades que t\u00eam revolucionado o cen\u00e1rio, destacam-se:<\/p>\n<ul>\n<li>Plataformas de matchmaking de cargas que utilizam big data para oferecer combina\u00e7\u00f5es mais precisas;<\/li>\n<li>Solu\u00e7\u00f5es de rastreamento em tempo real, que permitem uma comunica\u00e7\u00e3o direta e instant\u00e2nea entre motoristas e empresas;<\/li>\n<li>Integra\u00e7\u00e3o de sistemas de pagamento digital, facilitando transa\u00e7\u00f5es r\u00e1pidas e seguras;<\/li>\n<li>Aplicativos de gerenciamento de rotas que indicam caminhos mais eficientes, economizando combust\u00edvel e tempo;<\/li>\n<li>Programas de fidelidade e incentivos que motivam motoristas aut\u00f4nomos a manter uma <a href=\"https:\/\/pt.wikipedia.org\/wiki\/Frete\">alta participa\u00e7\u00e3o<\/a> na rede de cargas dispon\u00edveis.<\/li>\n<\/ul>\n<h2>Impacto das plataformas digitais<\/h2>\n<p>As plataformas digitais t\u00eam desempenhado papel fundamental na democratiza\u00e7\u00e3o do acesso \u00e0s cargas, especialmente em regi\u00f5es menos atendidas pelos tradicionais centros de distribui\u00e7\u00e3o. Essa maior democratiza\u00e7\u00e3o cria oportunidades para motoristas aut\u00f4nomos de diferentes tamanhos e origens, ampliando o mercado de trabalho e promovendo maior competitividade. Al\u00e9m disso, a transpar\u00eancia proporcionada por essas plataformas reduz a assimetria de informa\u00e7\u00f5es, permitindo que motoristas e empresas negociem de forma mais justa e eficiente.<\/p>\n<h2>Benef\u00edcios para motoristas aut\u00f4nomos e empresas<\/h2>\n<p>As novas formas de conex\u00e3o oferecem vantagens significativas para ambos os lados. Para os motoristas aut\u00f4nomos, essas solu\u00e7\u00f5es representam:<\/p>\n<ul>\n<li>Acesso a um maior volume de cargas dispon\u00edveis;<\/li>\n<li>Maior autonomia na escolha das rotas e oportunidades;<\/li>\n<li>Redu\u00e7\u00e3o do tempo ocioso e aumento na rentabilidade;<\/li>\n<li>Facilidade no pagamento e na documenta\u00e7\u00e3o, gra\u00e7as \u00e0s plataformas digitais.<\/li>\n<\/ul>\n<p>Para as empresas de transporte, os benef\u00edcios incluem:<\/p>\n<ul>\n<li>Otimiza\u00e7\u00e3o da aloca\u00e7\u00e3o de cargas e ve\u00edculos;<\/li>\n<li>Redu\u00e7\u00e3o de custos operacionais atrav\u00e9s de rotas mais eficientes;<\/li>\n<li>Maior controle em tempo real da frota e das entregas;<\/li>\n<li>Capacidade de escalar rapidamente a opera\u00e7\u00e3o, integrando novos motoristas aut\u00f4nomos conforme a demanda.<\/li>\n<\/ul>\n<h2>Crescimento sustent\u00e1vel e inova\u00e7\u00e3o cont\u00ednua<\/h2>\n<p>O setor de transporte de cargas est\u00e1 passando por um processo de inova\u00e7\u00e3o cont\u00ednua, impulsionado por novas tecnologias e modelos de neg\u00f3cios digitais. A implementa\u00e7\u00e3o de solu\u00e7\u00f5es inteligentes e conectadas contribui para uma opera\u00e7\u00e3o mais sustent\u00e1vel, pois melhora o aproveitamento de recursos, diminui o consumo de combust\u00edvel e reduz as emiss\u00f5es de CO2. Al\u00e9m disso, essas inova\u00e7\u00f5es fomentam uma cultura de melhoria cont\u00ednua, incentivando o desenvolvimento de novas ferramentas e metodologias, sempre com foco na cria\u00e7\u00e3o de uma ponte mais eficiente entre motoristas aut\u00f4nomos e oportunidades de carga.<\/p>\n<p>Em suma, as novas formas de conectar motoristas aut\u00f4nomos a oportunidades de carga representam um avan\u00e7o essencial para modernizar o setor de transporte de cargas. Ao alavancar tecnologia, inova\u00e7\u00e3o e estrat\u00e9gias de mercado, \u00e9 poss\u00edvel criar um ecossistema mais inteligente, justo e sustent\u00e1vel, beneficiando motoristas, empresas e a cadeia de log\u00edstica como um todo.<\/p>\n","protected":false},"excerpt":{"rendered":"<p>Com a crescente expans\u00e3o do mercado de transporte de cargas e a populariza\u00e7\u00e3o dos motoristas aut\u00f4nomos, encontrar maneiras eficientes de conectar esses profissionais a novas oportunidades de carga tornou-se uma prioridade para empresas e plataformas do setor. Novas formas de conectar motoristas aut\u00f4nomos a oportunidades de carga v\u00eam surgindo, utilizando tecnologia avan\u00e7ada, plataformas digitais e [&hellip;]<\/p>\n","protected":false},"author":1,"featured_media":0,"comment_status":"closed","ping_status":"open","sticky":false,"template":"","format":"standard","meta":{"footnotes":""},"categories":[1],"tags":[195,197,193,164,194,192,196],"class_list":["post-101","post","type-post","status-publish","format-standard","hentry","category-uncategorized","tag-autonomos","tag-carga","tag-conectar","tag-formas","tag-motoristas","tag-novas","tag-oportunidades"],"yoast_head":"<!-- This site is optimized with the Yoast SEO plugin v26.9 - https:\/\/yoast.com\/product\/yoast-seo-wordpress\/ -->\n<title>Novas Formas De Conectar Motoristas Aut\u00f4nomos A Oportunidades De Carga<\/title>\n<meta name=\"description\" content=\"Com a crescente expans\u00e3o do mercado de transporte de cargas e a populariza\u00e7\u00e3o dos motoristas aut\u00f4nomos, encontrar maneiras eficientes de conectar esses\" \/>\n<meta name=\"robots\" content=\"index, follow, max-snippet:-1, max-image-preview:large, max-video-preview:-1\" \/>\n<link rel=\"canonical\" href=\"https:\/\/kcsjornalismo.com.br\/index.php\/2026\/01\/08\/novas-formas-de-conectar-motoristas-autonomos-a-oportunidades-de-carga\/\" \/>\n<meta property=\"og:locale\" content=\"pt_BR\" \/>\n<meta property=\"og:type\" content=\"article\" \/>\n<meta property=\"og:title\" content=\"Novas Formas De Conectar Motoristas Aut\u00f4nomos A Oportunidades De Carga\" \/>\n<meta property=\"og:description\" content=\"Com a crescente expans\u00e3o do mercado de transporte de cargas e a populariza\u00e7\u00e3o dos motoristas aut\u00f4nomos, encontrar maneiras eficientes de conectar esses\" \/>\n<meta property=\"og:url\" content=\"https:\/\/kcsjornalismo.com.br\/index.php\/2026\/01\/08\/novas-formas-de-conectar-motoristas-autonomos-a-oportunidades-de-carga\/\" \/>\n<meta property=\"og:site_name\" content=\"KCS Jornalismo\" \/>\n<meta property=\"article:published_time\" content=\"2026-01-09T01:20:00+00:00\" \/>\n<meta property=\"article:modified_time\" content=\"2026-01-09T19:26:25+00:00\" \/>\n<meta property=\"og:image\" content=\"https:\/\/www.autoindustria.com.br\/wp-content\/uploads\/2022\/10\/1_VM_Sider-1200x640.png\" \/>\n<meta name=\"author\" content=\"admin\" \/>\n<meta name=\"twitter:card\" content=\"summary_large_image\" \/>\n<meta name=\"twitter:label1\" content=\"Escrito por\" \/>\n\t<meta name=\"twitter:data1\" content=\"admin\" \/>\n\t<meta name=\"twitter:label2\" content=\"Est. tempo de leitura\" \/>\n\t<meta name=\"twitter:data2\" content=\"4 minutos\" \/>\n<script type=\"application\/ld+json\" class=\"yoast-schema-graph\">{\"@context\":\"https:\/\/schema.org\",\"@graph\":[{\"@type\":\"Article\",\"@id\":\"https:\/\/kcsjornalismo.com.br\/index.php\/2026\/01\/08\/novas-formas-de-conectar-motoristas-autonomos-a-oportunidades-de-carga\/#article\",\"isPartOf\":{\"@id\":\"https:\/\/kcsjornalismo.com.br\/index.php\/2026\/01\/08\/novas-formas-de-conectar-motoristas-autonomos-a-oportunidades-de-carga\/\"},\"author\":{\"name\":\"admin\",\"@id\":\"https:\/\/kcsjornalismo.com.br\/#\/schema\/person\/46d9f3684db2454547e390ab6bcdde2e\"},\"headline\":\"Novas Formas De Conectar Motoristas Aut\u00f4nomos A Oportunidades De Carga\",\"datePublished\":\"2026-01-09T01:20:00+00:00\",\"dateModified\":\"2026-01-09T19:26:25+00:00\",\"mainEntityOfPage\":{\"@id\":\"https:\/\/kcsjornalismo.com.br\/index.php\/2026\/01\/08\/novas-formas-de-conectar-motoristas-autonomos-a-oportunidades-de-carga\/\"},\"wordCount\":794,\"image\":{\"@id\":\"https:\/\/kcsjornalismo.com.br\/index.php\/2026\/01\/08\/novas-formas-de-conectar-motoristas-autonomos-a-oportunidades-de-carga\/#primaryimage\"},\"thumbnailUrl\":\"https:\/\/www.autoindustria.com.br\/wp-content\/uploads\/2022\/10\/1_VM_Sider-1200x640.png\",\"keywords\":[\"aut\u00f4nomos\",\"carga\",\"conectar\",\"formas\",\"motoristas\",\"novas\",\"oportunidades\"],\"articleSection\":[\"Uncategorized\"],\"inLanguage\":\"pt-BR\"},{\"@type\":\"WebPage\",\"@id\":\"https:\/\/kcsjornalismo.com.br\/index.php\/2026\/01\/08\/novas-formas-de-conectar-motoristas-autonomos-a-oportunidades-de-carga\/\",\"url\":\"https:\/\/kcsjornalismo.com.br\/index.php\/2026\/01\/08\/novas-formas-de-conectar-motoristas-autonomos-a-oportunidades-de-carga\/\",\"name\":\"Novas Formas De Conectar Motoristas Aut\u00f4nomos A Oportunidades De Carga\",\"isPartOf\":{\"@id\":\"https:\/\/kcsjornalismo.com.br\/#website\"},\"primaryImageOfPage\":{\"@id\":\"https:\/\/kcsjornalismo.com.br\/index.php\/2026\/01\/08\/novas-formas-de-conectar-motoristas-autonomos-a-oportunidades-de-carga\/#primaryimage\"},\"image\":{\"@id\":\"https:\/\/kcsjornalismo.com.br\/index.php\/2026\/01\/08\/novas-formas-de-conectar-motoristas-autonomos-a-oportunidades-de-carga\/#primaryimage\"},\"thumbnailUrl\":\"https:\/\/www.autoindustria.com.br\/wp-content\/uploads\/2022\/10\/1_VM_Sider-1200x640.png\",\"datePublished\":\"2026-01-09T01:20:00+00:00\",\"dateModified\":\"2026-01-09T19:26:25+00:00\",\"author\":{\"@id\":\"https:\/\/kcsjornalismo.com.br\/#\/schema\/person\/46d9f3684db2454547e390ab6bcdde2e\"},\"description\":\"Com a crescente expans\u00e3o do mercado de transporte de cargas e a populariza\u00e7\u00e3o dos motoristas aut\u00f4nomos, encontrar maneiras eficientes de conectar esses\",\"breadcrumb\":{\"@id\":\"https:\/\/kcsjornalismo.com.br\/index.php\/2026\/01\/08\/novas-formas-de-conectar-motoristas-autonomos-a-oportunidades-de-carga\/#breadcrumb\"},\"inLanguage\":\"pt-BR\",\"potentialAction\":[{\"@type\":\"ReadAction\",\"target\":[\"https:\/\/kcsjornalismo.com.br\/index.php\/2026\/01\/08\/novas-formas-de-conectar-motoristas-autonomos-a-oportunidades-de-carga\/\"]}]},{\"@type\":\"ImageObject\",\"inLanguage\":\"pt-BR\",\"@id\":\"https:\/\/kcsjornalismo.com.br\/index.php\/2026\/01\/08\/novas-formas-de-conectar-motoristas-autonomos-a-oportunidades-de-carga\/#primaryimage\",\"url\":\"https:\/\/www.autoindustria.com.br\/wp-content\/uploads\/2022\/10\/1_VM_Sider-1200x640.png\",\"contentUrl\":\"https:\/\/www.autoindustria.com.br\/wp-content\/uploads\/2022\/10\/1_VM_Sider-1200x640.png\"},{\"@type\":\"BreadcrumbList\",\"@id\":\"https:\/\/kcsjornalismo.com.br\/index.php\/2026\/01\/08\/novas-formas-de-conectar-motoristas-autonomos-a-oportunidades-de-carga\/#breadcrumb\",\"itemListElement\":[{\"@type\":\"ListItem\",\"position\":1,\"name\":\"In\u00edcio\",\"item\":\"https:\/\/kcsjornalismo.com.br\/\"},{\"@type\":\"ListItem\",\"position\":2,\"name\":\"Novas Formas De Conectar Motoristas Aut\u00f4nomos A Oportunidades De Carga\"}]},{\"@type\":\"WebSite\",\"@id\":\"https:\/\/kcsjornalismo.com.br\/#website\",\"url\":\"https:\/\/kcsjornalismo.com.br\/\",\"name\":\"KCS Jornalismo\",\"description\":\"\",\"potentialAction\":[{\"@type\":\"SearchAction\",\"target\":{\"@type\":\"EntryPoint\",\"urlTemplate\":\"https:\/\/kcsjornalismo.com.br\/?s={search_term_string}\"},\"query-input\":{\"@type\":\"PropertyValueSpecification\",\"valueRequired\":true,\"valueName\":\"search_term_string\"}}],\"inLanguage\":\"pt-BR\"},{\"@type\":\"Person\",\"@id\":\"https:\/\/kcsjornalismo.com.br\/#\/schema\/person\/46d9f3684db2454547e390ab6bcdde2e\",\"name\":\"admin\",\"image\":{\"@type\":\"ImageObject\",\"inLanguage\":\"pt-BR\",\"@id\":\"https:\/\/kcsjornalismo.com.br\/#\/schema\/person\/image\/\",\"url\":\"https:\/\/secure.gravatar.com\/avatar\/230ff0c00c852580bea8e8306065642a3cfc97d21a16adaa6755300492e94560?s=96&d=mm&r=g\",\"contentUrl\":\"https:\/\/secure.gravatar.com\/avatar\/230ff0c00c852580bea8e8306065642a3cfc97d21a16adaa6755300492e94560?s=96&d=mm&r=g\",\"caption\":\"admin\"},\"sameAs\":[\"https:\/\/kcsjornalismo.com.br\"],\"url\":\"https:\/\/kcsjornalismo.com.br\/index.php\/author\/kcsjornl1\/\"}]}<\/script>\n<!-- \/ Yoast SEO plugin. -->","yoast_head_json":{"title":"Novas Formas De Conectar Motoristas Aut\u00f4nomos A Oportunidades De Carga","description":"Com a crescente expans\u00e3o do mercado de transporte de cargas e a populariza\u00e7\u00e3o dos motoristas aut\u00f4nomos, encontrar maneiras eficientes de conectar esses","robots":{"index":"index","follow":"follow","max-snippet":"max-snippet:-1","max-image-preview":"max-image-preview:large","max-video-preview":"max-video-preview:-1"},"canonical":"https:\/\/kcsjornalismo.com.br\/index.php\/2026\/01\/08\/novas-formas-de-conectar-motoristas-autonomos-a-oportunidades-de-carga\/","og_locale":"pt_BR","og_type":"article","og_title":"Novas Formas De Conectar Motoristas Aut\u00f4nomos A Oportunidades De Carga","og_description":"Com a crescente expans\u00e3o do mercado de transporte de cargas e a populariza\u00e7\u00e3o dos motoristas aut\u00f4nomos, encontrar maneiras eficientes de conectar esses","og_url":"https:\/\/kcsjornalismo.com.br\/index.php\/2026\/01\/08\/novas-formas-de-conectar-motoristas-autonomos-a-oportunidades-de-carga\/","og_site_name":"KCS Jornalismo","article_published_time":"2026-01-09T01:20:00+00:00","article_modified_time":"2026-01-09T19:26:25+00:00","og_image":[{"url":"https:\/\/www.autoindustria.com.br\/wp-content\/uploads\/2022\/10\/1_VM_Sider-1200x640.png","type":"","width":"","height":""}],"author":"admin","twitter_card":"summary_large_image","twitter_misc":{"Escrito por":"admin","Est. tempo de leitura":"4 minutos"},"schema":{"@context":"https:\/\/schema.org","@graph":[{"@type":"Article","@id":"https:\/\/kcsjornalismo.com.br\/index.php\/2026\/01\/08\/novas-formas-de-conectar-motoristas-autonomos-a-oportunidades-de-carga\/#article","isPartOf":{"@id":"https:\/\/kcsjornalismo.com.br\/index.php\/2026\/01\/08\/novas-formas-de-conectar-motoristas-autonomos-a-oportunidades-de-carga\/"},"author":{"name":"admin","@id":"https:\/\/kcsjornalismo.com.br\/#\/schema\/person\/46d9f3684db2454547e390ab6bcdde2e"},"headline":"Novas Formas De Conectar Motoristas Aut\u00f4nomos A Oportunidades De Carga","datePublished":"2026-01-09T01:20:00+00:00","dateModified":"2026-01-09T19:26:25+00:00","mainEntityOfPage":{"@id":"https:\/\/kcsjornalismo.com.br\/index.php\/2026\/01\/08\/novas-formas-de-conectar-motoristas-autonomos-a-oportunidades-de-carga\/"},"wordCount":794,"image":{"@id":"https:\/\/kcsjornalismo.com.br\/index.php\/2026\/01\/08\/novas-formas-de-conectar-motoristas-autonomos-a-oportunidades-de-carga\/#primaryimage"},"thumbnailUrl":"https:\/\/www.autoindustria.com.br\/wp-content\/uploads\/2022\/10\/1_VM_Sider-1200x640.png","keywords":["aut\u00f4nomos","carga","conectar","formas","motoristas","novas","oportunidades"],"articleSection":["Uncategorized"],"inLanguage":"pt-BR"},{"@type":"WebPage","@id":"https:\/\/kcsjornalismo.com.br\/index.php\/2026\/01\/08\/novas-formas-de-conectar-motoristas-autonomos-a-oportunidades-de-carga\/","url":"https:\/\/kcsjornalismo.com.br\/index.php\/2026\/01\/08\/novas-formas-de-conectar-motoristas-autonomos-a-oportunidades-de-carga\/","name":"Novas Formas De Conectar Motoristas Aut\u00f4nomos A Oportunidades De Carga","isPartOf":{"@id":"https:\/\/kcsjornalismo.com.br\/#website"},"primaryImageOfPage":{"@id":"https:\/\/kcsjornalismo.com.br\/index.php\/2026\/01\/08\/novas-formas-de-conectar-motoristas-autonomos-a-oportunidades-de-carga\/#primaryimage"},"image":{"@id":"https:\/\/kcsjornalismo.com.br\/index.php\/2026\/01\/08\/novas-formas-de-conectar-motoristas-autonomos-a-oportunidades-de-carga\/#primaryimage"},"thumbnailUrl":"https:\/\/www.autoindustria.com.br\/wp-content\/uploads\/2022\/10\/1_VM_Sider-1200x640.png","datePublished":"2026-01-09T01:20:00+00:00","dateModified":"2026-01-09T19:26:25+00:00","author":{"@id":"https:\/\/kcsjornalismo.com.br\/#\/schema\/person\/46d9f3684db2454547e390ab6bcdde2e"},"description":"Com a crescente expans\u00e3o do mercado de transporte de cargas e a populariza\u00e7\u00e3o dos motoristas aut\u00f4nomos, encontrar maneiras eficientes de conectar esses","breadcrumb":{"@id":"https:\/\/kcsjornalismo.com.br\/index.php\/2026\/01\/08\/novas-formas-de-conectar-motoristas-autonomos-a-oportunidades-de-carga\/#breadcrumb"},"inLanguage":"pt-BR","potentialAction":[{"@type":"ReadAction","target":["https:\/\/kcsjornalismo.com.br\/index.php\/2026\/01\/08\/novas-formas-de-conectar-motoristas-autonomos-a-oportunidades-de-carga\/"]}]},{"@type":"ImageObject","inLanguage":"pt-BR","@id":"https:\/\/kcsjornalismo.com.br\/index.php\/2026\/01\/08\/novas-formas-de-conectar-motoristas-autonomos-a-oportunidades-de-carga\/#primaryimage","url":"https:\/\/www.autoindustria.com.br\/wp-content\/uploads\/2022\/10\/1_VM_Sider-1200x640.png","contentUrl":"https:\/\/www.autoindustria.com.br\/wp-content\/uploads\/2022\/10\/1_VM_Sider-1200x640.png"},{"@type":"BreadcrumbList","@id":"https:\/\/kcsjornalismo.com.br\/index.php\/2026\/01\/08\/novas-formas-de-conectar-motoristas-autonomos-a-oportunidades-de-carga\/#breadcrumb","itemListElement":[{"@type":"ListItem","position":1,"name":"In\u00edcio","item":"https:\/\/kcsjornalismo.com.br\/"},{"@type":"ListItem","position":2,"name":"Novas Formas De Conectar Motoristas Aut\u00f4nomos A Oportunidades De Carga"}]},{"@type":"WebSite","@id":"https:\/\/kcsjornalismo.com.br\/#website","url":"https:\/\/kcsjornalismo.com.br\/","name":"KCS Jornalismo","description":"","potentialAction":[{"@type":"SearchAction","target":{"@type":"EntryPoint","urlTemplate":"https:\/\/kcsjornalismo.com.br\/?s={search_term_string}"},"query-input":{"@type":"PropertyValueSpecification","valueRequired":true,"valueName":"search_term_string"}}],"inLanguage":"pt-BR"},{"@type":"Person","@id":"https:\/\/kcsjornalismo.com.br\/#\/schema\/person\/46d9f3684db2454547e390ab6bcdde2e","name":"admin","image":{"@type":"ImageObject","inLanguage":"pt-BR","@id":"https:\/\/kcsjornalismo.com.br\/#\/schema\/person\/image\/","url":"https:\/\/secure.gravatar.com\/avatar\/230ff0c00c852580bea8e8306065642a3cfc97d21a16adaa6755300492e94560?s=96&d=mm&r=g","contentUrl":"https:\/\/secure.gravatar.com\/avatar\/230ff0c00c852580bea8e8306065642a3cfc97d21a16adaa6755300492e94560?s=96&d=mm&r=g","caption":"admin"},"sameAs":["https:\/\/kcsjornalismo.com.br"],"url":"https:\/\/kcsjornalismo.com.br\/index.php\/author\/kcsjornl1\/"}]}},"_links":{"self":[{"href":"https:\/\/kcsjornalismo.com.br\/index.php\/wp-json\/wp\/v2\/posts\/101","targetHints":{"allow":["GET"]}}],"collection":[{"href":"https:\/\/kcsjornalismo.com.br\/index.php\/wp-json\/wp\/v2\/posts"}],"about":[{"href":"https:\/\/kcsjornalismo.com.br\/index.php\/wp-json\/wp\/v2\/types\/post"}],"author":[{"embeddable":true,"href":"https:\/\/kcsjornalismo.com.br\/index.php\/wp-json\/wp\/v2\/users\/1"}],"replies":[{"embeddable":true,"href":"https:\/\/kcsjornalismo.com.br\/index.php\/wp-json\/wp\/v2\/comments?post=101"}],"version-history":[{"count":1,"href":"https:\/\/kcsjornalismo.com.br\/index.php\/wp-json\/wp\/v2\/posts\/101\/revisions"}],"predecessor-version":[{"id":102,"href":"https:\/\/kcsjornalismo.com.br\/index.php\/wp-json\/wp\/v2\/posts\/101\/revisions\/102"}],"wp:attachment":[{"href":"https:\/\/kcsjornalismo.com.br\/index.php\/wp-json\/wp\/v2\/media?parent=101"}],"wp:term":[{"taxonomy":"category","embeddable":true,"href":"https:\/\/kcsjornalismo.com.br\/index.php\/wp-json\/wp\/v2\/categories?post=101"},{"taxonomy":"post_tag","embeddable":true,"href":"https:\/\/kcsjornalismo.com.br\/index.php\/wp-json\/wp\/v2\/tags?post=101"}],"curies":[{"name":"wp","href":"https:\/\/api.w.org\/{rel}","templated":true}]}}